{"id":1501,"date":"2018-12-02T04:40:10","date_gmt":"2018-12-02T04:40:10","guid":{"rendered":"http:\/\/krishayinfotech.com\/gribi\/?p=1501"},"modified":"2024-02-20T11:34:00","modified_gmt":"2024-02-20T11:34:00","slug":"swiss-tax-amnesty","status":"publish","type":"post","link":"https:\/\/www.gribipartner.com\/en\/swiss-tax-amnesty\/","title":{"rendered":"Swiss tax amnesty"},"content":{"rendered":"<div class=\"fusion-fullwidth fullwidth-box fusion-builder-row-1 fusion-flex-container nonhundred-percent-fullwidth non-hundred-percent-height-scrolling\" style=\"--awb-border-radius-top-left:0px;--awb-border-radius-top-right:0px;--awb-border-radius-bottom-right:0px;--awb-border-radius-bottom-left:0px;--awb-flex-wrap:wrap;\" ><div class=\"fusion-builder-row fusion-row fusion-flex-align-items-flex-start fusion-flex-content-wrap\" style=\"max-width:1248px;margin-left: calc(-4% \/ 2 );margin-right: calc(-4% \/ 2 );\"><div class=\"fusion-layout-column fusion_builder_column fusion-builder-column-0 fusion_builder_column_1_1 1_1 fusion-flex-column\" style=\"--awb-bg-size:cover;--awb-width-large:100%;--awb-margin-top-large:0px;--awb-spacing-right-large:1.92%;--awb-margin-bottom-large:0px;--awb-spacing-left-large:1.92%;--awb-width-medium:100%;--awb-spacing-right-medium:1.92%;--awb-spacing-left-medium:1.92%;--awb-width-small:100%;--awb-spacing-right-small:1.92%;--awb-spacing-left-small:1.92%;\"><div class=\"fusion-column-wrapper fusion-flex-justify-content-flex-start fusion-content-layout-column\"><div class=\"fusion-text fusion-text-1\"><h3 style=\"text-align: justify;\">Einf\u00fchrung der straflosen Selbstanzeige<\/h3>\n<p style=\"text-align: justify;\">Im Zuge der internationalen Steueramnestien \u2013 vor allem in Europa \u2013 hat auch die Schweiz per 1. Januar 2010 eine allgemeine Steueramnestie eingef\u00fchrt. Demnach soll auf die Erhebung einer Busse verzichtet werden, wenn Steuerzahler ihre Hinterziehungen selber anzeigen. Dabei sollen bei der erstmaligen Selbstanzeige nur die Nachsteuer (bis zu zehn Jahre) und der Verzugszins eingefordert werden. Wie bei der vereinfachten Erbennachbesteuerung kann die Privilegierung bei einer Selbstanzeige nur dann gew\u00e4hrt werden, wenn die Steuerbeh\u00f6rden noch keine Kenntnis von der Hinterziehung hatten und die steuerpflichtige Person die Steuerbeh\u00f6rden vorbehaltlos unterst\u00fctzt. Der Mechanismus der straflosen Anzeige wird zudem auf alle Teilnehmende einer Steuerhinterziehung ausgedehnt: Anstifter, Gehilfen oder Mitwirkende sollen k\u00fcnftig unter den gleichen Voraussetzungen wie die steuerpflichtige Person von der straflosen Selbstanzeige Gebrauch machen k\u00f6nnen.<\/p>\n<h3 style=\"text-align: justify;\">Vereinfachte Nachbesteuerung in Erbf\u00e4llen<\/h3>\n<p style=\"text-align: justify;\">Die vereinfachte Nachbesteuerung f\u00fcr Erben erlaubt Erben, bisher unversteuerte Gelder ohne Busse wieder der Besteuerung zuzuf\u00fchren. Anders als bei einer allgemeinen Steueramnestie wird die Gelegenheit dazu aber nicht f\u00fcr einen pr\u00e4zis eingegrenzten Zeitraum gew\u00e4hrt, sondern &#8211; mittels dauerhafter Gesetzes\u00e4nderung &#8211; grunds\u00e4tzlich unbefristet.<\/p>\n<p style=\"text-align: justify;\">Demnach wird bei einer Steuerhinterziehung des Erblassers die Nachsteuer inklusive Verzugszins f\u00fcr bis zu drei Jahre vor dem Tod des Erblassers eingefordert. Die Erben kommen nur dann in den Genuss der vereinfachten Erbennachbesteuerung, wenn sie ihre Mitwirkungspflicht erf\u00fcllen (insbesondere bei der Errichtung eines vollst\u00e4ndigen und genauen Nachlassinventars) und die Steuerbeh\u00f6rden noch keine Kenntnis von der Hinterziehung hatten. Treffen diese Voraussetzungen nicht zu, erfolgt wie bisher eine ordentliche Nachbesteuerung bis auf zehn Jahre zur\u00fcck, zuz\u00fcglich Verzugszins.<\/p>\n<h3 style=\"text-align: justify;\">G\u00fcltigkeit f\u00fcr Bund, Kantone und Gemeinden<\/h3>\n<p style=\"text-align: justify;\">Die vereinfachte Nachbesteuerung der Erben und die straflose Selbstanzeige werden im Bundesgesetz \u00fcber die direkte Bundessteuer (DBG) und im Bundesgesetz \u00fcber die Harmonisierung der direkten Steuern der Kantone und Gemeinden (StHG) verankert und gelten damit sowohl f\u00fcr die direkte Bundessteuer als auch f\u00fcr die Einkommens- und Verm\u00f6genssteuern der Kantone und Gemeinden. Alle \u00fcbrigen nicht entrichteten Steuern und Abgaben (wie zum Beispiel die Mehrwertsteuer, die Verrechnungssteuer, AHV-\/IV-Abgaben) bleiben vollumf\u00e4nglich und mit den Verzugszinsen geschuldet.<\/p>\n<p style=\"text-align: justify;\"><i>Quelle: Eidg. Steuerverwaltung, Bern<\/i><\/p>\n<p style=\"text-align: justify;\">Wir zeigen Ihnen gerne auf, wie Sie die Steueramnestie optimal nutzen k\u00f6nnen und vertreten Sie vor den entsprechenden Beh\u00f6rden.<\/p>\n<p style=\"text-align: justify;\">Kontaktieren Sie uns.<\/p>\n<\/div><\/div><\/div><\/div><\/div>\n","protected":false},"excerpt":{"rendered":"","protected":false},"author":1,"featured_media":0,"comment_status":"open","ping_status":"open","sticky":false,"template":"","format":"standard","meta":{"_acf_changed":false,"footnotes":""},"categories":[40],"tags":[],"class_list":["post-1501","post","type-post","status-publish","format-standard","hentry","category-news"],"acf":[],"yoast_head":"<!-- This site is optimized with the Yoast SEO plugin v24.0 - https:\/\/yoast.com\/wordpress\/plugins\/seo\/ -->\n<title>Swiss tax amnesty - Gribi &amp; Partner AG<\/title>\n<meta name=\"robots\" content=\"noindex, follow\" \/>\n<meta property=\"og:locale\" content=\"en_US\" \/>\n<meta property=\"og:type\" content=\"article\" \/>\n<meta property=\"og:title\" content=\"Swiss tax amnesty - Gribi &amp; Partner AG\" \/>\n<meta property=\"og:url\" content=\"https:\/\/www.gribipartner.com\/en\/swiss-tax-amnesty\/\" \/>\n<meta property=\"og:site_name\" content=\"Gribi &amp; Partner AG\" \/>\n<meta property=\"article:published_time\" content=\"2018-12-02T04:40:10+00:00\" \/>\n<meta property=\"article:modified_time\" content=\"2024-02-20T11:34:00+00:00\" \/>\n<meta name=\"author\" content=\"admin\" \/>\n<meta name=\"twitter:card\" content=\"summary_large_image\" \/>\n<meta name=\"twitter:label1\" content=\"Written by\" \/>\n\t<meta name=\"twitter:data1\" content=\"admin\" \/>\n\t<meta name=\"twitter:label2\" content=\"Est. reading time\" \/>\n\t<meta name=\"twitter:data2\" content=\"2 minutes\" \/>\n<script type=\"application\/ld+json\" class=\"yoast-schema-graph\">{\"@context\":\"https:\/\/schema.org\",\"@graph\":[{\"@type\":\"WebPage\",\"@id\":\"https:\/\/www.gribipartner.com\/en\/swiss-tax-amnesty\/\",\"url\":\"https:\/\/www.gribipartner.com\/en\/swiss-tax-amnesty\/\",\"name\":\"Swiss tax amnesty - Gribi &amp; Partner AG\",\"isPartOf\":{\"@id\":\"https:\/\/www.gribipartner.com\/#website\"},\"datePublished\":\"2018-12-02T04:40:10+00:00\",\"dateModified\":\"2024-02-20T11:34:00+00:00\",\"author\":{\"@id\":\"https:\/\/www.gribipartner.com\/#\/schema\/person\/ab5d8804d9ada02a9d14c9a3b686244b\"},\"inLanguage\":\"en-US\",\"potentialAction\":[{\"@type\":\"ReadAction\",\"target\":[\"https:\/\/www.gribipartner.com\/en\/swiss-tax-amnesty\/\"]}]},{\"@type\":\"WebSite\",\"@id\":\"https:\/\/www.gribipartner.com\/#website\",\"url\":\"https:\/\/www.gribipartner.com\/\",\"name\":\"Gribi &amp; Partner AG\",\"description\":\"Here to meet all of your business, individual  taxation, and individual accounting needs.\",\"potentialAction\":[{\"@type\":\"SearchAction\",\"target\":{\"@type\":\"EntryPoint\",\"urlTemplate\":\"https:\/\/www.gribipartner.com\/?s={search_term_string}\"},\"query-input\":{\"@type\":\"PropertyValueSpecification\",\"valueRequired\":true,\"valueName\":\"search_term_string\"}}],\"inLanguage\":\"en-US\"},{\"@type\":\"Person\",\"@id\":\"https:\/\/www.gribipartner.com\/#\/schema\/person\/ab5d8804d9ada02a9d14c9a3b686244b\",\"name\":\"admin\",\"image\":{\"@type\":\"ImageObject\",\"inLanguage\":\"en-US\",\"@id\":\"https:\/\/www.gribipartner.com\/#\/schema\/person\/image\/\",\"url\":\"https:\/\/secure.gravatar.com\/avatar\/342de6f6977109acc89a9a51e87871608f9e47e799ae90caeca057caa90e6a01?s=96&d=mm&r=g\",\"contentUrl\":\"https:\/\/secure.gravatar.com\/avatar\/342de6f6977109acc89a9a51e87871608f9e47e799ae90caeca057caa90e6a01?s=96&d=mm&r=g\",\"caption\":\"admin\"},\"url\":\"https:\/\/www.gribipartner.com\/en\/author\/admin\/\"}]}<\/script>\n<!-- \/ Yoast SEO plugin. -->","yoast_head_json":{"title":"Swiss tax amnesty - Gribi &amp; Partner AG","robots":{"index":"noindex","follow":"follow"},"og_locale":"en_US","og_type":"article","og_title":"Swiss tax amnesty - Gribi &amp; Partner AG","og_url":"https:\/\/www.gribipartner.com\/en\/swiss-tax-amnesty\/","og_site_name":"Gribi &amp; Partner AG","article_published_time":"2018-12-02T04:40:10+00:00","article_modified_time":"2024-02-20T11:34:00+00:00","author":"admin","twitter_card":"summary_large_image","twitter_misc":{"Written by":"admin","Est. reading time":"2 minutes"},"schema":{"@context":"https:\/\/schema.org","@graph":[{"@type":"WebPage","@id":"https:\/\/www.gribipartner.com\/en\/swiss-tax-amnesty\/","url":"https:\/\/www.gribipartner.com\/en\/swiss-tax-amnesty\/","name":"Swiss tax amnesty - Gribi &amp; Partner AG","isPartOf":{"@id":"https:\/\/www.gribipartner.com\/#website"},"datePublished":"2018-12-02T04:40:10+00:00","dateModified":"2024-02-20T11:34:00+00:00","author":{"@id":"https:\/\/www.gribipartner.com\/#\/schema\/person\/ab5d8804d9ada02a9d14c9a3b686244b"},"inLanguage":"en-US","potentialAction":[{"@type":"ReadAction","target":["https:\/\/www.gribipartner.com\/en\/swiss-tax-amnesty\/"]}]},{"@type":"WebSite","@id":"https:\/\/www.gribipartner.com\/#website","url":"https:\/\/www.gribipartner.com\/","name":"Gribi &amp; Partner AG","description":"Here to meet all of your business, individual  taxation, and individual accounting needs.","potentialAction":[{"@type":"SearchAction","target":{"@type":"EntryPoint","urlTemplate":"https:\/\/www.gribipartner.com\/?s={search_term_string}"},"query-input":{"@type":"PropertyValueSpecification","valueRequired":true,"valueName":"search_term_string"}}],"inLanguage":"en-US"},{"@type":"Person","@id":"https:\/\/www.gribipartner.com\/#\/schema\/person\/ab5d8804d9ada02a9d14c9a3b686244b","name":"admin","image":{"@type":"ImageObject","inLanguage":"en-US","@id":"https:\/\/www.gribipartner.com\/#\/schema\/person\/image\/","url":"https:\/\/secure.gravatar.com\/avatar\/342de6f6977109acc89a9a51e87871608f9e47e799ae90caeca057caa90e6a01?s=96&d=mm&r=g","contentUrl":"https:\/\/secure.gravatar.com\/avatar\/342de6f6977109acc89a9a51e87871608f9e47e799ae90caeca057caa90e6a01?s=96&d=mm&r=g","caption":"admin"},"url":"https:\/\/www.gribipartner.com\/en\/author\/admin\/"}]}},"_links":{"self":[{"href":"https:\/\/www.gribipartner.com\/en\/wp-json\/wp\/v2\/posts\/1501","targetHints":{"allow":["GET"]}}],"collection":[{"href":"https:\/\/www.gribipartner.com\/en\/wp-json\/wp\/v2\/posts"}],"about":[{"href":"https:\/\/www.gribipartner.com\/en\/wp-json\/wp\/v2\/types\/post"}],"author":[{"embeddable":true,"href":"https:\/\/www.gribipartner.com\/en\/wp-json\/wp\/v2\/users\/1"}],"replies":[{"embeddable":true,"href":"https:\/\/www.gribipartner.com\/en\/wp-json\/wp\/v2\/comments?post=1501"}],"version-history":[{"count":3,"href":"https:\/\/www.gribipartner.com\/en\/wp-json\/wp\/v2\/posts\/1501\/revisions"}],"predecessor-version":[{"id":2819,"href":"https:\/\/www.gribipartner.com\/en\/wp-json\/wp\/v2\/posts\/1501\/revisions\/2819"}],"wp:attachment":[{"href":"https:\/\/www.gribipartner.com\/en\/wp-json\/wp\/v2\/media?parent=1501"}],"wp:term":[{"taxonomy":"category","embeddable":true,"href":"https:\/\/www.gribipartner.com\/en\/wp-json\/wp\/v2\/categories?post=1501"},{"taxonomy":"post_tag","embeddable":true,"href":"https:\/\/www.gribipartner.com\/en\/wp-json\/wp\/v2\/tags?post=1501"}],"curies":[{"name":"wp","href":"https:\/\/api.w.org\/{rel}","templated":true}]}}